{"id":1485,"date":"2010-05-04T13:04:35","date_gmt":"2010-05-04T11:04:35","guid":{"rendered":"http:\/\/www.germansuzuki.com\/?p=1485"},"modified":"2010-06-11T16:33:34","modified_gmt":"2010-06-11T14:33:34","slug":"vorspiel-training-2","status":"publish","type":"post","link":"https:\/\/www.germansuzuki.de\/?p=1485","title":{"rendered":"Vorspiel-Training"},"content":{"rendered":"<h2><span style=\"color: #993300;\">Erh\u00e4ltlich ab August 2010<\/span><\/h2>\n<h2>Neuerscheinung bei Edition Peters<\/h2>\n<h2>f\u00fcr Suzuki-Sch\u00fcler ab Heft 4<\/h2>\n<p style=\"text-align: justify;\">Die Reihe <strong>VORSPIEL-TRAINING <\/strong>umfa\u00dft insgesamt drei Repertoirehefte.<strong> Zu  jedem Heft geh\u00f6ren zwei CDs.<\/strong> Diese Sammlung kann sowohl im  traditionellen Violinunterricht als auch im Suzuki-Bereich f\u00fcr Sch\u00fcler  der B\u00e4nde 4-7 verwendet werden. Ebenso ist sie f\u00fcr Wiedereinsteiger,  aber auch f\u00fcr Autodidakten geeignet.<\/p>\n<h3><a href=\"http:\/\/www.germansuzuki.com\/wp-content\/uploads\/2010\/05\/Vorspiel-Training1.jpg\"><img decoding=\"async\" loading=\"lazy\" class=\"alignleft size-full wp-image-1471\" style=\"margin-left: 0px; margin-right: 30px; border: 1px solid black;\" title=\"Unbenannt-1\" src=\"http:\/\/www.germansuzuki.com\/wp-content\/uploads\/2010\/05\/Vorspiel-Training1.jpg\" alt=\"\" width=\"329\" height=\"428\" \/><\/a><\/h3>\n<h3>DIE BESONDERHEITEN<\/h3>\n<ul>\n<li>Die vorliegende Reihe ist weltweit die einzige nach dem \u201eDrei-Tempi-\u00dcbungsprinzip\u201c arbeitende progressive Violinliteratursammlung.<\/li>\n<\/ul>\n<ul>\n<li>Das Repertoire enth\u00e4lt Vortragsst\u00fccke aus der Suzuki Violinschule, Band 4-7 sowie zahlreiche Zusatzst\u00fccke. Das Spektrum reicht von barocken Solokonzerten bis hin zu fetzigen Fiddle-St\u00fccken und besteht aus Literatur f\u00fcr eine, zwei und drei Violinen, \u00fcberwiegend mit Klavierbegleitung.<\/li>\n<\/ul>\n<ul>\n<li>Zu den meisten Vortragsst\u00fccken geh\u00f6ren zahlreiche systematische Vor\u00fcbungen, die durch \u00dcbetipps erg\u00e4nzt werden. \u2022 Theoretische Erkl\u00e4rungen werden durch zahlreiche Fotos mit technischen Details verdeutlicht.<\/li>\n<\/ul>\n<ul>\n<li>Die CDs enthalten Vortragsst\u00fccke mit und ohne Violinstimme sowie wichtige Vorbereitungs\u00fcbungen in unterschiedlichen Tempi. Eigens f\u00fcr diese CDs hat David Andruss phantasievolle und lebendige Klavierbegleitungen komponiert. So werden selbst kurze technische \u00dcbungen zu einem anregenden musikalischen Erlebnis.<\/li>\n<\/ul>\n<ul>\n<li>Die vorliegende Ausgabe ist f\u00fcr Suzuki-Sch\u00fcler des 4. Bandes geeignet.<\/li>\n<\/ul>\n<p><span style=\"color: #ffffff;\">1<\/span><\/p>\n<h4>INHALT der CD 1A<\/h4>\n<p>Stimmt\u00f6ne<\/p>\n<p><strong>Konzert Nr. 2 in G-Dur, op. 13, 3. Satz, <em>Friedrich Seitz<\/em><\/strong><br \/>\n<em>Im langsamen, mittleren \u00dcbetempo und im Vorspieltempo<\/em><\/p>\n<p>Irisches Fiddlest\u00fcck f\u00fcr drei Geigen, Irische Volksweise (Arrangement Kerstin Wartberg)<\/p>\n<p><strong>Konzert Nr. 5 in D-Dur, op. 22, 1. Satz, <\/strong><strong><em>Friedrich Seitz<\/em><\/strong><br \/>\n<em>Im langsamen, mittleren \u00dcbetempo und im Vorspieltempo<\/em><br \/>\nVor\u00fcbungen 1-3<\/p>\n<p>Western Fiddler f\u00fcr drei Geigen, Amerikanische Volksweise (Arrangement Kerstin Wartberg)<\/p>\n<p><strong>Konzert Nr. 5 in D-Dur, op. 22, 3. Satz, <\/strong><strong><em>Friedrich Seitz<\/em><\/strong><br \/>\n<em>Im langsamen, mittleren \u00dcbetempo und im Vorspieltempo<\/em><br \/>\nDoppelgriff-Vor\u00fcbungen<\/p>\n<p>Wiegenlied, <em>Franz Schubert<\/em><br \/>\nAbendsegen,<em> Engelbert Humperdinck<\/em><\/p>\n<p><em><span style=\"color: #ffffff;\">1<\/span><br \/>\n<\/em><\/p>\n<h4>INHALT der CD 1B<\/h4>\n<p><strong>Violinkonzert in a-Moll, op. 3, Nr. 6, 1. Satz, <em>Antonio Vivaldi<\/em><br \/>\n<\/strong><em>Im langsamen, mittleren \u00dcbetempo und im Vorspieltempo<\/em><br \/>\nVor\u00fcbungen 1+2<\/p>\n<p>Saitenwechsel-Et\u00fcde im Stile von Antonio Vivaldi, <em>Kerstin Wartberg<\/em><\/p>\n<p><strong>Violinkonzert in a-Moll, op. 3, Nr. 6, 3. Satz, <\/strong><strong><em>Antonio Vivaldi<\/em><\/strong><br \/>\n<em>Im langsamen, mittleren \u00dcbetempo und im Vorspieltempo<\/em><br \/>\nVor\u00fcbung<\/p>\n<p>Drei kurze Dreiklangs-Et\u00fcden, <em>Kerstin Wartberg<\/em><\/p>\n<p><strong>Konzert f\u00fcr 2 Violinen in d-Moll, BWV 1043, 1. Satz, Vl. 2, <em>Johann Sebastian Bach<\/em><\/strong><br \/>\n<em>Im langsamen \u00dcbetempo und im Vorspieltempo<\/em><\/p>\n<p><strong>Perpetuum Mobile \u2013 aus \u201eKleine Suite\u201c, op. 6, Presto, <em>Karl Boehm<\/em><\/strong><br \/>\n<em>Im langsamen <\/em><em>\u00dcbetempo <\/em><em>und im Vorspieltempo<\/em><\/p>\n","protected":false},"excerpt":{"rendered":"<p>Erh\u00e4ltlich ab August 2010 Neuerscheinung bei Edition Peters f\u00fcr Suzuki-Sch\u00fcler ab Heft 4 Die Reihe VORSPIEL-TRAINING umfa\u00dft insgesamt drei Repertoirehefte. Zu jedem Heft geh\u00f6ren zwei CDs. Diese Sammlung kann sowohl&#8230;<\/p>\n","protected":false},"author":2,"featured_media":1471,"comment_status":"open","ping_status":"open","sticky":false,"template":"","format":"standard","meta":[],"categories":[8],"tags":[],"_links":{"self":[{"href":"https:\/\/www.germansuzuki.de\/index.php?rest_route=\/wp\/v2\/posts\/1485"}],"collection":[{"href":"https:\/\/www.germansuzuki.de\/index.php?rest_route=\/wp\/v2\/posts"}],"about":[{"href":"https:\/\/www.germansuzuki.de\/index.php?rest_route=\/wp\/v2\/types\/post"}],"author":[{"embeddable":true,"href":"https:\/\/www.germansuzuki.de\/index.php?rest_route=\/wp\/v2\/users\/2"}],"replies":[{"embeddable":true,"href":"https:\/\/www.germansuzuki.de\/index.php?rest_route=%2Fwp%2Fv2%2Fcomments&post=1485"}],"version-history":[{"count":10,"href":"https:\/\/www.germansuzuki.de\/index.php?rest_route=\/wp\/v2\/posts\/1485\/revisions"}],"predecessor-version":[{"id":2177,"href":"https:\/\/www.germansuzuki.de\/index.php?rest_route=\/wp\/v2\/posts\/1485\/revisions\/2177"}],"wp:featuredmedia":[{"embeddable":true,"href":"https:\/\/www.germansuzuki.de\/index.php?rest_route=\/wp\/v2\/media\/1471"}],"wp:attachment":[{"href":"https:\/\/www.germansuzuki.de\/index.php?rest_route=%2Fwp%2Fv2%2Fmedia&parent=1485"}],"wp:term":[{"taxonomy":"category","embeddable":true,"href":"https:\/\/www.germansuzuki.de\/index.php?rest_route=%2Fwp%2Fv2%2Fcategories&post=1485"},{"taxonomy":"post_tag","embeddable":true,"href":"https:\/\/www.germansuzuki.de\/index.php?rest_route=%2Fwp%2Fv2%2Ftags&post=1485"}],"curies":[{"name":"wp","href":"https:\/\/api.w.org\/{rel}","templated":true}]}}