{"id":10720,"date":"2024-11-05T17:43:24","date_gmt":"2024-11-05T15:43:24","guid":{"rendered":"https:\/\/www.germansuzuki.de\/?p=10720"},"modified":"2024-12-05T18:47:06","modified_gmt":"2024-12-05T16:47:06","slug":"neue-lehrer-ausbildungskurse-fuer-cello-ab-januar-2025","status":"publish","type":"post","link":"https:\/\/www.germansuzuki.de\/?p=10720","title":{"rendered":"Neue Lehrer-Ausbildungskurse f\u00fcr Cello ab Januar 2025!"},"content":{"rendered":"[vc_row type=&#8220;in_container&#8220; full_screen_row_position=&#8220;middle&#8220; scene_position=&#8220;center&#8220; text_color=&#8220;dark&#8220; text_align=&#8220;left&#8220; overlay_strength=&#8220;0.3&#8243; shape_divider_position=&#8220;bottom&#8220;][vc_column column_padding=&#8220;no-extra-padding&#8220; column_padding_position=&#8220;all&#8220; background_color_opacity=&#8220;1&#8243; background_hover_color_opacity=&#8220;1&#8243; column_shadow=&#8220;none&#8220; column_border_radius=&#8220;none&#8220; width=&#8220;1\/2&#8243; tablet_text_alignment=&#8220;default&#8220; phone_text_alignment=&#8220;default&#8220; column_border_width=&#8220;none&#8220; column_border_style=&#8220;solid&#8220;][vc_column_text]\n<h4><span style=\"color: #000000;\">Wir freuen uns, Ihnen mitteilen zu k\u00f6nnen, dass<\/span> <span style=\"color: #000080;\"><strong>im Januar 2025 neue Ausbildungskurse zum Suzuki-Lehrer im Fach Cello<\/strong> <\/span><span style=\"color: #000000;\">beginnen!<\/span><br \/>\n<span style=\"color: #000000;\">Unter der Leitung der erfahrenen Cellistin und Teacher Trainerin<\/span> <em><span style=\"color: #000080;\"><strong>Tapalin Charoensook<\/strong><\/span><\/em><span style=\"color: #000080;\"><span style=\"color: #000000;\">und in <\/span><\/span><span style=\"color: #000000;\">Zusammenarbeit mit Kerstin Wartberg und bieten wir Ihnen die ideale Gelegenheit, sich als Lehrer weiterzubilden oder Ihr Wissen aufzufrischen.<\/span><\/h4>\n<h4><span style=\"color: #000080;\"><strong>Bitte machen Sie interessierte Kollegen auf diese wertvolle M\u00f6glichkeit aufmerksam!<\/strong><\/span><\/h4>\n[\/vc_column_text][\/vc_column][vc_column column_padding=&#8220;no-extra-padding&#8220; column_padding_position=&#8220;all&#8220; background_color_opacity=&#8220;1&#8243; background_hover_color_opacity=&#8220;1&#8243; column_shadow=&#8220;none&#8220; column_border_radius=&#8220;none&#8220; width=&#8220;1\/2&#8243; tablet_text_alignment=&#8220;default&#8220; phone_text_alignment=&#8220;default&#8220; column_border_width=&#8220;none&#8220; column_border_style=&#8220;solid&#8220;][vc_video link=&#8220;https:\/\/www.youtube.com\/watch?v=BhuK_i7_efM&#8220; align=&#8220;right&#8220;][\/vc_column][\/vc_row][vc_row type=&#8220;in_container&#8220; full_screen_row_position=&#8220;middle&#8220; scene_position=&#8220;center&#8220; text_color=&#8220;dark&#8220; text_align=&#8220;left&#8220; overlay_strength=&#8220;0.3&#8243; shape_divider_position=&#8220;bottom&#8220;][vc_column column_padding=&#8220;no-extra-padding&#8220; column_padding_position=&#8220;all&#8220; background_color_opacity=&#8220;1&#8243; background_hover_color_opacity=&#8220;1&#8243; column_shadow=&#8220;none&#8220; column_border_radius=&#8220;none&#8220; width=&#8220;1\/1&#8243; tablet_text_alignment=&#8220;default&#8220; phone_text_alignment=&#8220;default&#8220; column_border_width=&#8220;none&#8220; column_border_style=&#8220;solid&#8220;][vc_column_text]\n<h3><span style=\"color: #000080;\"><em><strong>Liebe Mitglieder und Freunde der Deutschen Suzuki Gesellschaft,<\/strong><\/em><\/span><\/h3>\n<p>wir freuen uns sehr, Ihnen die neuen Ausbildungskurse zum Suzuki-Lehrer im Fach Cello anzubieten, die im Januar 2025 beginnen werden. Diese Kurse sind ideal f\u00fcr alle, die in die Welt des Suzuki-Unterrichts einsteigen oder ihr Wissen auffrischen m\u00f6chten.<\/p>\n<p>Die Leitung der Kurse \u00fcbernimmt die<span style=\"color: #000080;\"><em><strong> thail\u00e4ndische Cellistin und Teacher Trainerin des Deutschen Suzuki Instituts, Tapalin Charoensook in Zusammenarbeit mit Kerstin Wartberg.<\/strong><\/em><\/span><\/p>\n<p>Nach ihrem Studium an der Mahidol University College of Music in Bangkok vervollkommnete Tapalin ihr Cellospiel an der<span style=\"color: #000080;\"><strong> Hochschule f\u00fcr Musik FRANZ LISZT in Weimar<\/strong><\/span>. Tapalin hat zahlreiche Preise bei nationalen und internationalen Musikwettbewerben gewonnen und tritt regelm\u00e4\u00dfig als Solistin mit Orchestern auf. Gemeinsam mit ihrer Schwester leitet sie die Aum Aree Music School in Bangkok, die \u00fcber 1000 Sch\u00fclern einen hervorragenden Ruf genie\u00dft.<\/p>\n<p>Tapalin hat das Suzuki-Unterrichtskonzept f\u00fcr Cello fast ein Jahrzehnt lang intensiv studiert und wurde aufgrund ihrer hohen Qualifikation sowie ihrer langj\u00e4hrigen Zusammenarbeit mit dem <span style=\"color: #000080;\"><strong>Deutschen Suzuki Institut<\/strong> <\/span>(DSI) und dem <strong><span style=\"color: #000080;\">International Music Teachers Exchange<\/span><\/strong> (IMTEX) zum Teacher Trainer f\u00fcr Cello am DSI ernannt.<\/p>\n<p><span style=\"color: #000080;\"><strong>Die Ausbildung wird sowohl in Pr\u00e4senz-Kursen als auch \u00fcberwiegend in Form von Zoom-Kursen<\/strong> <\/span>stattfinden. Diese Online-Methode hat sich w\u00e4hrend der Pandemie als \u00e4u\u00dferst effektiv erwiesen, da Lernfortschritte durch Videoaufnahmen unterst\u00fctzt werden, die von den Kursteilnehmern selbst erstellt werden. Zudem entfallen dadurch viele Reisekosten.<\/p>\n<p>Im Anhang finden Sie die <span style=\"color: #000080;\"><strong>Kursausschreibung mit den Terminen, Kosten u.a.<\/strong><\/span><\/p>\n<p>Wir w\u00fcrden uns sehr freuen, wenn Sie interessierte Kollegen auf diese neue M\u00f6glichkeit zur Weiterbildung aufmerksam machen k\u00f6nnten!<\/p>\n<p><span style=\"color: #000080;\"><strong>Unterrichtssprachen: Deutsch und Englisch<\/strong><\/span><\/p>\n<h3><span style=\"color: #000080;\"><strong>Anmeldeschluss ist der 15. Dezember 2024.<br \/>\n<\/strong><\/span><\/h3>\n<h3><span style=\"color: #000080;\"><a style=\"color: #000080;\" href=\"https:\/\/www.germansuzuki.de\/wp-content\/uploads\/2024\/11\/Ausschreibung_Stufe1_2025-Cello.pdf\">Kursausschreibung \/ Anmeldeformular<\/a><\/span><\/h3>\n<p><span style=\"color: #000000;\">Herzliche Gr\u00fc\u00dfe,<\/span><\/p>\n<p><span style=\"color: #000000;\">Kerstin Wartberg<\/span><br \/>\n<span style=\"color: #000000;\">mit dem Vorstand der Deutschen Suzuki Gesellschaft<\/span><\/p>\n<p>&nbsp;<\/p>\n<h3><span style=\"color: #000080;\"><strong>Anmeldung und Information:<\/strong><\/span><\/h3>\n<p><strong>Deutsches Suzuki Institut <\/strong><br \/>\n<strong>Sekretariat: Stefan Kalkbrenner<\/strong><br \/>\n<strong>Tel.: +49 (0)2241 2 89 46 <\/strong><br \/>\n<strong>mail@imtex-online.com<\/strong><\/p>\n<p><span style=\"color: #000000;\">\u00a0<\/span>[\/vc_column_text][\/vc_column][\/vc_row][vc_row type=&#8220;in_container&#8220; full_screen_row_position=&#8220;middle&#8220; scene_position=&#8220;center&#8220; text_color=&#8220;dark&#8220; text_align=&#8220;left&#8220; overlay_strength=&#8220;0.3&#8243; shape_divider_position=&#8220;bottom&#8220;][vc_column column_padding=&#8220;no-extra-padding&#8220; column_padding_position=&#8220;all&#8220; background_color_opacity=&#8220;1&#8243; background_hover_color_opacity=&#8220;1&#8243; column_shadow=&#8220;none&#8220; column_border_radius=&#8220;none&#8220; width=&#8220;1\/2&#8243; tablet_text_alignment=&#8220;default&#8220; phone_text_alignment=&#8220;default&#8220; column_border_width=&#8220;none&#8220; column_border_style=&#8220;solid&#8220;][vc_video link=&#8220;https:\/\/www.youtube.com\/watch?v=HDDfZaRv2lk&#8220;][\/vc_column][vc_column column_padding=&#8220;no-extra-padding&#8220; column_padding_position=&#8220;all&#8220; background_color_opacity=&#8220;1&#8243; background_hover_color_opacity=&#8220;1&#8243; column_shadow=&#8220;none&#8220; column_border_radius=&#8220;none&#8220; width=&#8220;1\/2&#8243; tablet_text_alignment=&#8220;default&#8220; phone_text_alignment=&#8220;default&#8220; column_border_width=&#8220;none&#8220; column_border_style=&#8220;solid&#8220;][vc_column_text]\n<h4>Tapalin Charoensook hat f\u00fcr IMTEX (International Music Teachers Exchange) die wichtigsten Anf\u00e4ngerst\u00fccke des ersten Bandes der Suzuki Cello School (Teil 1B) im langsamen \u00dcbetempo eingespielt.<\/h4>\n[\/vc_column_text][\/vc_column][\/vc_row][vc_row type=&#8220;in_container&#8220; full_screen_row_position=&#8220;middle&#8220; scene_position=&#8220;center&#8220; text_color=&#8220;dark&#8220; text_align=&#8220;left&#8220; overlay_strength=&#8220;0.3&#8243; shape_divider_position=&#8220;bottom&#8220;][vc_column column_padding=&#8220;no-extra-padding&#8220; column_padding_position=&#8220;all&#8220; background_color_opacity=&#8220;1&#8243; background_hover_color_opacity=&#8220;1&#8243; column_shadow=&#8220;none&#8220; column_border_radius=&#8220;none&#8220; width=&#8220;1\/2&#8243; tablet_text_alignment=&#8220;default&#8220; phone_text_alignment=&#8220;default&#8220; column_border_width=&#8220;none&#8220; column_border_style=&#8220;solid&#8220;][vc_video link=&#8220;https:\/\/www.youtube.com\/watch?v=j4AZKQAdWCo&#8220;][\/vc_column][vc_column column_padding=&#8220;no-extra-padding&#8220; column_padding_position=&#8220;all&#8220; background_color_opacity=&#8220;1&#8243; background_hover_color_opacity=&#8220;1&#8243; column_shadow=&#8220;none&#8220; column_border_radius=&#8220;none&#8220; width=&#8220;1\/2&#8243; tablet_text_alignment=&#8220;default&#8220; phone_text_alignment=&#8220;default&#8220; column_border_width=&#8220;none&#8220; column_border_style=&#8220;solid&#8220;][vc_video link=&#8220;https:\/\/youtu.be\/5VPKYAkYu64&#8243;][\/vc_column][\/vc_row]\n","protected":false},"excerpt":{"rendered":"<p>[vc_row type=&#8220;in_container&#8220; full_screen_row_position=&#8220;middle&#8220; scene_position=&#8220;center&#8220; text_color=&#8220;dark&#8220; text_align=&#8220;left&#8220; overlay_strength=&#8220;0.3&#8243; shape_divider_position=&#8220;bottom&#8220;][vc_column column_padding=&#8220;no-extra-padding&#8220; column_padding_position=&#8220;all&#8220; background_color_opacity=&#8220;1&#8243; background_hover_color_opacity=&#8220;1&#8243; column_shadow=&#8220;none&#8220; column_border_radius=&#8220;none&#8220; width=&#8220;1\/2&#8243; tablet_text_alignment=&#8220;default&#8220; phone_text_alignment=&#8220;default&#8220; column_border_width=&#8220;none&#8220; column_border_style=&#8220;solid&#8220;][vc_column_text] Wir freuen uns, Ihnen mitteilen zu k\u00f6nnen, dass im Januar 2025&#8230;<\/p>\n","protected":false},"author":2,"featured_media":10722,"comment_status":"closed","ping_status":"open","sticky":true,"template":"","format":"standard","meta":[],"categories":[21,3],"tags":[],"_links":{"self":[{"href":"https:\/\/www.germansuzuki.de\/index.php?rest_route=\/wp\/v2\/posts\/10720"}],"collection":[{"href":"https:\/\/www.germansuzuki.de\/index.php?rest_route=\/wp\/v2\/posts"}],"about":[{"href":"https:\/\/www.germansuzuki.de\/index.php?rest_route=\/wp\/v2\/types\/post"}],"author":[{"embeddable":true,"href":"https:\/\/www.germansuzuki.de\/index.php?rest_route=\/wp\/v2\/users\/2"}],"replies":[{"embeddable":true,"href":"https:\/\/www.germansuzuki.de\/index.php?rest_route=%2Fwp%2Fv2%2Fcomments&post=10720"}],"version-history":[{"count":13,"href":"https:\/\/www.germansuzuki.de\/index.php?rest_route=\/wp\/v2\/posts\/10720\/revisions"}],"predecessor-version":[{"id":10762,"href":"https:\/\/www.germansuzuki.de\/index.php?rest_route=\/wp\/v2\/posts\/10720\/revisions\/10762"}],"wp:featuredmedia":[{"embeddable":true,"href":"https:\/\/www.germansuzuki.de\/index.php?rest_route=\/wp\/v2\/media\/10722"}],"wp:attachment":[{"href":"https:\/\/www.germansuzuki.de\/index.php?rest_route=%2Fwp%2Fv2%2Fmedia&parent=10720"}],"wp:term":[{"taxonomy":"category","embeddable":true,"href":"https:\/\/www.germansuzuki.de\/index.php?rest_route=%2Fwp%2Fv2%2Fcategories&post=10720"},{"taxonomy":"post_tag","embeddable":true,"href":"https:\/\/www.germansuzuki.de\/index.php?rest_route=%2Fwp%2Fv2%2Ftags&post=10720"}],"curies":[{"name":"wp","href":"https:\/\/api.w.org\/{rel}","templated":true}]}}