{"id":10359,"date":"2022-02-23T13:35:01","date_gmt":"2022-02-23T11:35:01","guid":{"rendered":"https:\/\/www.germansuzuki.de\/?p=10359"},"modified":"2024-12-18T10:18:20","modified_gmt":"2024-12-18T08:18:20","slug":"suzuki-freizeit-altleiningen-06-08-mai-2022","status":"publish","type":"post","link":"https:\/\/www.germansuzuki.de\/?p=10359","title":{"rendered":"Suzuki-Freizeit Altleiningen 06.-08. Mai 2022"},"content":{"rendered":"<h2><span style=\"color: #000080;\">Suzuki-Freizeit Altleiningen 06.-08. Mai 2022<\/span><\/h2>\n<p><strong><span style=\"color: #000080;\">ACHTUNG! Der Anmeldeschluss ist bereits am 05. M\u00e4rz 2022.<\/span><\/strong><\/p>\n<p><a href=\"https:\/\/www.germansuzuki.de\/wp-content\/uploads\/2022\/02\/altleiningen.png\"><img decoding=\"async\" loading=\"lazy\" class=\"aligncenter size-full wp-image-10360\" src=\"https:\/\/www.germansuzuki.de\/wp-content\/uploads\/2022\/02\/altleiningen.png\" alt=\"\" width=\"800\" height=\"612\" srcset=\"https:\/\/www.germansuzuki.de\/wp-content\/uploads\/2022\/02\/altleiningen.png 800w, https:\/\/www.germansuzuki.de\/wp-content\/uploads\/2022\/02\/altleiningen-300x230.png 300w, https:\/\/www.germansuzuki.de\/wp-content\/uploads\/2022\/02\/altleiningen-768x588.png 768w\" sizes=\"(max-width: 800px) 100vw, 800px\" \/><\/a><br \/>\nLiebe Eltern, liebe Sch\u00fclerinnen und Sch\u00fcler,<\/p>\n<p>bald ist es wieder soweit. Die diesj\u00e4hrige Suzuki-Freizeit findet vom 6-8. Mai in der Jugendherberge der Stadt Altleiningen statt. Zus\u00e4tzlich zu den Suzuki-St\u00fccken, haben wir diesmal das Thema &#8222;Volksmusik&#8220; gew\u00e4hlt. Seid gespannt, was dieser musikalische Bereich f\u00fcr Euch bereit h\u00e4lt.<\/p>\n<p>F\u00fcr die begleitenden Eltern besteht die M\u00f6glichkeit in einem &#8222;Elternorchester&#8220; geb\u00fchrenfrei mitzuwirken.<\/p>\n<p>Die Anmeldefrist endet am 05.03.2022 und erfolgt online: <a href=\"https:\/\/www.suzuki-rhein-neckar.de\/anmeldeformular-2022\">KLICK<\/a><\/p>\n<p>Weitere Informationen und die Anmeldung k\u00f6nnen Sie unserer <a href=\"https:\/\/www.suzuki-rhein-neckar.de\/ueber-mich\">Website<\/a> entnehmen.<\/p>\n<p>Wenn Sie noch Fragen haben, wenden Sie sich gerne an Leonid Shofman:<\/p>\n<p>E-Mail: leochofman@gmx.de<\/p>\n<p>Wir freuen uns auf Ihre Teilnahme!<\/p>\n<p>Mit herzlichen Gr\u00fc\u00dfen<\/p>\n<p>Liana Mogilevskaja<\/p>\n","protected":false},"excerpt":{"rendered":"<p>Suzuki-Freizeit Altleiningen 06.-08. Mai 2022 ACHTUNG! Der Anmeldeschluss ist bereits am 05. M\u00e4rz 2022. Liebe Eltern, liebe Sch\u00fclerinnen und Sch\u00fcler, bald ist es wieder soweit. Die diesj\u00e4hrige Suzuki-Freizeit findet vom&#8230;<\/p>\n","protected":false},"author":2,"featured_media":0,"comment_status":"closed","ping_status":"closed","sticky":true,"template":"","format":"standard","meta":[],"categories":[9],"tags":[],"_links":{"self":[{"href":"https:\/\/www.germansuzuki.de\/index.php?rest_route=\/wp\/v2\/posts\/10359"}],"collection":[{"href":"https:\/\/www.germansuzuki.de\/index.php?rest_route=\/wp\/v2\/posts"}],"about":[{"href":"https:\/\/www.germansuzuki.de\/index.php?rest_route=\/wp\/v2\/types\/post"}],"author":[{"embeddable":true,"href":"https:\/\/www.germansuzuki.de\/index.php?rest_route=\/wp\/v2\/users\/2"}],"replies":[{"embeddable":true,"href":"https:\/\/www.germansuzuki.de\/index.php?rest_route=%2Fwp%2Fv2%2Fcomments&post=10359"}],"version-history":[{"count":2,"href":"https:\/\/www.germansuzuki.de\/index.php?rest_route=\/wp\/v2\/posts\/10359\/revisions"}],"predecessor-version":[{"id":10362,"href":"https:\/\/www.germansuzuki.de\/index.php?rest_route=\/wp\/v2\/posts\/10359\/revisions\/10362"}],"wp:attachment":[{"href":"https:\/\/www.germansuzuki.de\/index.php?rest_route=%2Fwp%2Fv2%2Fmedia&parent=10359"}],"wp:term":[{"taxonomy":"category","embeddable":true,"href":"https:\/\/www.germansuzuki.de\/index.php?rest_route=%2Fwp%2Fv2%2Fcategories&post=10359"},{"taxonomy":"post_tag","embeddable":true,"href":"https:\/\/www.germansuzuki.de\/index.php?rest_route=%2Fwp%2Fv2%2Ftags&post=10359"}],"curies":[{"name":"wp","href":"https:\/\/api.w.org\/{rel}","templated":true}]}}