{"id":10224,"date":"2021-04-16T14:23:16","date_gmt":"2021-04-16T12:23:16","guid":{"rendered":"https:\/\/www.germansuzuki.de\/?p=10224"},"modified":"2024-12-20T09:46:24","modified_gmt":"2024-12-20T07:46:24","slug":"stellenausschreibung-suzuki-lehrkraft-fuer-violine","status":"publish","type":"post","link":"https:\/\/www.germansuzuki.de\/?p=10224","title":{"rendered":"Stellenausschreibung: Suzuki-Lehrkraft f\u00fcr Violine"},"content":{"rendered":"<p><span style=\"color: #000000;\">Die Musikschule Lauffen am Neckar (Baden-W\u00fcrttemberg) sucht <strong>zum 01.10.2021<\/strong> eine Lehrkraft f\u00fcr Suzuki-Violine. Es handelt sich um eine Stelle mit 60-75% Unterrichtsumfang, die <strong>bis auf 100% ausbauf\u00e4hig<\/strong> ist. Bewerbungsvoraussetzungen sind ein Abschluss als Suzuki-Lehrer*in oder eine laufende Suzuki-Lehrerausbildung.<\/span><\/p>\n<p><span style=\"color: #000000;\">Weitere Informationen erteilt der Schulleiter Herr Conrad telefonisch unter 07133\/4894.<\/span><\/p>\n<p><span style=\"color: #000000;\"><strong>Bewerbungsschluss ist der 15.06.2021.<\/strong><\/span><\/p>\n<p><span style=\"color: #000000;\">Link zur Musikschule: <a style=\"color: #000000;\" href=\"https:\/\/www.lauffen-musikschule.de\/\">www.lauffen-musikschule.de<\/a><\/span><\/p>\n<p><span style=\"color: #000000;\">Link zur Stellenausschreibung (PDF): <a style=\"color: #000000;\" href=\"https:\/\/www.germansuzuki.de\/wp-content\/uploads\/2021\/04\/Ausschreibung_Suzuki-Violine_MSL_2021_A4.pdf\">KLICK<\/a><\/span><\/p>\n","protected":false},"excerpt":{"rendered":"<p>Die Musikschule Lauffen am Neckar (Baden-W\u00fcrttemberg) sucht zum 01.10.2021 eine Lehrkraft f\u00fcr Suzuki-Violine. Es handelt sich um eine Stelle mit 60-75% Unterrichtsumfang, die bis auf 100% ausbauf\u00e4hig ist. Bewerbungsvoraussetzungen sind&#8230;<\/p>\n","protected":false},"author":2,"featured_media":10227,"comment_status":"closed","ping_status":"closed","sticky":true,"template":"","format":"standard","meta":[],"categories":[3],"tags":[],"_links":{"self":[{"href":"https:\/\/www.germansuzuki.de\/index.php?rest_route=\/wp\/v2\/posts\/10224"}],"collection":[{"href":"https:\/\/www.germansuzuki.de\/index.php?rest_route=\/wp\/v2\/posts"}],"about":[{"href":"https:\/\/www.germansuzuki.de\/index.php?rest_route=\/wp\/v2\/types\/post"}],"author":[{"embeddable":true,"href":"https:\/\/www.germansuzuki.de\/index.php?rest_route=\/wp\/v2\/users\/2"}],"replies":[{"embeddable":true,"href":"https:\/\/www.germansuzuki.de\/index.php?rest_route=%2Fwp%2Fv2%2Fcomments&post=10224"}],"version-history":[{"count":2,"href":"https:\/\/www.germansuzuki.de\/index.php?rest_route=\/wp\/v2\/posts\/10224\/revisions"}],"predecessor-version":[{"id":10228,"href":"https:\/\/www.germansuzuki.de\/index.php?rest_route=\/wp\/v2\/posts\/10224\/revisions\/10228"}],"wp:featuredmedia":[{"embeddable":true,"href":"https:\/\/www.germansuzuki.de\/index.php?rest_route=\/wp\/v2\/media\/10227"}],"wp:attachment":[{"href":"https:\/\/www.germansuzuki.de\/index.php?rest_route=%2Fwp%2Fv2%2Fmedia&parent=10224"}],"wp:term":[{"taxonomy":"category","embeddable":true,"href":"https:\/\/www.germansuzuki.de\/index.php?rest_route=%2Fwp%2Fv2%2Fcategories&post=10224"},{"taxonomy":"post_tag","embeddable":true,"href":"https:\/\/www.germansuzuki.de\/index.php?rest_route=%2Fwp%2Fv2%2Ftags&post=10224"}],"curies":[{"name":"wp","href":"https:\/\/api.w.org\/{rel}","templated":true}]}}