{"id":10183,"date":"2021-03-15T18:12:26","date_gmt":"2021-03-15T16:12:26","guid":{"rendered":"https:\/\/www.germansuzuki.de\/?p=10183"},"modified":"2024-12-18T10:19:08","modified_gmt":"2024-12-18T08:19:08","slug":"august-2021-international-summerschool-in-der-schweiz","status":"publish","type":"post","link":"https:\/\/www.germansuzuki.de\/?p=10183","title":{"rendered":"August 2021: International SummerSchool in der Schweiz"},"content":{"rendered":"<p>Vom <strong>07.-14. August 2021<\/strong> findet die allj\u00e4hrliche International SummerSchool in Interlaken in der Schweiz statt. Erleben Sie mit Ihren Kindern die wundersch\u00f6ne Schweizer Alpenwelt und eine intensive Musikwoche mit renommierten Suzuki-Lehrerinnen und -Lehrern aus ganz Europa. Interlaken, die international bekannte Destination zwischen zwei Seen, mit unz\u00e4hligen Ausflugsm\u00f6glichkeiten in die Berge, hat Ihnen sehr viel zu bieten. Genie\u00dfen Sie mit Ihrer Familie die Verbindung von Musizieren, \u00dcben und Ferien in der gro\u00dfartigen Natur!<\/p>\n<p>Es werden verschiedene Kurse in f\u00fcnf Unterrichtssprachen (Deutsch, Englisch, Franz\u00f6sisch, Tschechisch und Polnisch) angeboten. Am Ende der Musikwoche ist ein Abschlusskonzert vorgesehen.<\/p>\n<p>Weitere Informationen finden Sie auf <a href=\"https:\/\/www.internationalchildrensmusicschool.ch\">www.internationalchildrensmusicschool.ch<\/a><\/p>\n<p>Anmeldeschluss ist der 30. Juni 2021. <strong>Sollte die Veranstaltung aufgrund von Covid nicht stattfinden, wird der volle Teilnahmebeitrag zur\u00fcckerstattet!<\/strong><\/p>\n","protected":false},"excerpt":{"rendered":"<p>Vom 07.-14. August 2021 findet die allj\u00e4hrliche International SummerSchool in Interlaken in der Schweiz statt. Erleben Sie mit Ihren Kindern die wundersch\u00f6ne Schweizer Alpenwelt und eine intensive Musikwoche mit renommierten&#8230;<\/p>\n","protected":false},"author":6,"featured_media":0,"comment_status":"closed","ping_status":"closed","sticky":true,"template":"","format":"standard","meta":[],"categories":[3],"tags":[],"_links":{"self":[{"href":"https:\/\/www.germansuzuki.de\/index.php?rest_route=\/wp\/v2\/posts\/10183"}],"collection":[{"href":"https:\/\/www.germansuzuki.de\/index.php?rest_route=\/wp\/v2\/posts"}],"about":[{"href":"https:\/\/www.germansuzuki.de\/index.php?rest_route=\/wp\/v2\/types\/post"}],"author":[{"embeddable":true,"href":"https:\/\/www.germansuzuki.de\/index.php?rest_route=\/wp\/v2\/users\/6"}],"replies":[{"embeddable":true,"href":"https:\/\/www.germansuzuki.de\/index.php?rest_route=%2Fwp%2Fv2%2Fcomments&post=10183"}],"version-history":[{"count":2,"href":"https:\/\/www.germansuzuki.de\/index.php?rest_route=\/wp\/v2\/posts\/10183\/revisions"}],"predecessor-version":[{"id":10185,"href":"https:\/\/www.germansuzuki.de\/index.php?rest_route=\/wp\/v2\/posts\/10183\/revisions\/10185"}],"wp:attachment":[{"href":"https:\/\/www.germansuzuki.de\/index.php?rest_route=%2Fwp%2Fv2%2Fmedia&parent=10183"}],"wp:term":[{"taxonomy":"category","embeddable":true,"href":"https:\/\/www.germansuzuki.de\/index.php?rest_route=%2Fwp%2Fv2%2Fcategories&post=10183"},{"taxonomy":"post_tag","embeddable":true,"href":"https:\/\/www.germansuzuki.de\/index.php?rest_route=%2Fwp%2Fv2%2Ftags&post=10183"}],"curies":[{"name":"wp","href":"https:\/\/api.w.org\/{rel}","templated":true}]}}